{"id":3438,"date":"2022-03-07T03:41:56","date_gmt":"2022-03-07T02:41:56","guid":{"rendered":"https:\/\/swiety-jozef.pl\/?p=3438"},"modified":"2022-03-07T03:41:58","modified_gmt":"2022-03-07T02:41:58","slug":"ogloszenia-duszpasterskie-23-12-2018-r","status":"publish","type":"post","link":"https:\/\/swiety-jozef.pl\/index.php\/2022\/03\/07\/ogloszenia-duszpasterskie-23-12-2018-r\/","title":{"rendered":"Og\u0142oszenia duszpasterskie 23.12.2018 r."},"content":{"rendered":"\n<p class=\"has-text-align-right\"><strong>23 XII 2018<\/strong><\/p>\n\n\n\n<h4 class=\"has-text-align-center wp-block-heading\">Og\u0142oszenia duszpasterskie<br>4 niedziela Adwentu<\/h4>\n\n\n\n<p>1. Dzisiaj\u00a0<strong>4 niedziela Adwentu<\/strong>. Dzie\u0144 \u017ca\u0142oby narodowej \u2013 pami\u0119tajmy w modlitwie o tragicznie zmar\u0142ych g\u00f3rnikach\u00a0\u00a0<\/p>\n\n\n\n<p><strong>2<\/strong>. Dzisiaj na Msz\u0119 \u015bw. o godz. 11:00\u00a0<strong>harcerze przynios\u0105\u00a0 Betlejemskie \u015awiat\u0142o Pokoju<\/strong>, prosimy aby przyj\u015b\u0107 na t\u0105 Msz\u0119 \u015bw. z lampionami. \u015awiat\u0142o b\u0119dzie mo\u017cna przej\u0105\u0107 na wszystkich mszach \u015bw. Zapraszamy.\u00a0\u00a0<\/p>\n\n\n\n<!--more-->\n\n\n\n<p><strong>3<\/strong>. Dzi\u0119kujemy dzieciom, m\u0142odzie\u017cy i starszym za uczestnictwo we\u00a0<strong>Mszach \u015bw. Roratnich.<\/strong><\/p>\n\n\n\n<p><strong>4<\/strong>. S\u0105 rozprowadzane<strong>\u00a0\u015bwiece Caritas<\/strong>\u00a0na wigilijny st\u00f3\u0142, jak Wigilijne Dzie\u0142o pomocy Dzieciom.\u00a0<\/p>\n\n\n\n<p><strong>5<\/strong>. Cz\u0142onkowie Parafialnych Grup Duszpasterskich roznie\u015bli op\u0142atki. Dzi\u0119kujemy im za t\u0105 pos\u0142ug\u0119. Osoby do kt\u00f3rych\u00a0<strong>op\u0142atki nie dotar\u0142y mog\u0105 odebra\u0107 je w zakrystii<\/strong>.\u00a0<\/p>\n\n\n\n<p><strong>6<\/strong>.\u00a0<strong>W poniedzia\u0142ek Wigilia<\/strong>\u00a0przed Bo\u017cym Narodzeniem. Msza \u015bw. roratnia tylko rano\u00a0<strong>o godz. 6.30.<\/strong>\u00a0Serdecznie zapraszamy do licznego uczestniczenia.\u00a0\u00a0<\/p>\n\n\n\n<p><strong>7<\/strong>. W wigili\u0119, zgodnie z wielowiekow\u0105 tradycj\u0105, zachowajmy wstrzemi\u0119\u017aliwo\u015b\u0107 od pokarm\u00f3w mi\u0119snych. Prosimy te\u017c o zachowanie naszej polskiej tradycji wigilijnej, kt\u00f3ra nakazuje organizowanie g\u0142\u00f3wnego posi\u0142ku w godzinach wieczornych, jako Wieczerzy wigilijnej z odczytaniem Ewangelii o Narodzeniu P. Jezusa, dzieleniem si\u0119 op\u0142atkiem i sk\u0142adaniem sobie \u017cycze\u0144. Bardzo gor\u0105co prosimy o zachowanie ca\u0142kowitej wstrzemi\u0119\u017aliwo\u015bci od napoj\u00f3w alkoholowych podczas wigilijnego posi\u0142ku.\u00a0\u00a0<\/p>\n\n\n\n<p><strong>8<\/strong>. W szpitalu w wigili\u0119<strong>\u00a0o godz. 20.30<\/strong>, odb\u0119dzie si\u0119 dzielenie op\u0142atkiem z chorymi. Po odwiedzinach chorych o godz. 22.00 w szpitalu b\u0119dzie Pasterka.\u00a0\u00a0<\/p>\n\n\n\n<p><strong>9<\/strong>. Bo\u017conarodzeniowa Msza \u015bw.\u00a0<strong><em>PASTERKA<\/em><\/strong>\u00a0b\u0119dzie w naszym ko\u015bciele\u00a0<strong>o godz. 22:00 i o godz. 24:00<\/strong>. Taca przeznaczona jest na Fundusz Ochrony Dziecka i Matki\u00a0<\/p>\n\n\n\n<p><strong>10<\/strong>. W<strong>\u00a0Uroczysto\u015b\u0107 Bo\u017cego Narodzenia<\/strong>\u00a0Msze \u015bw. w naszym ko\u015bciele b\u0119d\u0105:\u00a0<strong>o godz. 9.30, 11.00, 12.30, 14.00 i 18.30.<\/strong>\u00a0W uroczysto\u015b\u0107 Bo\u017cego Narodzenia nie b\u0119dzie Mszy \u015bw.\u00a0<strong>o godz. 7.30<\/strong>.\u00a0<\/p>\n\n\n\n<p><strong>11<\/strong>. W \u015brod\u0119 drugi dzie\u0144 \u015bwi\u0105t &#8211;\u00a0<strong>\u015bwi\u0119to \u015bw. Szczepana.<\/strong>\u00a0Msze \u015bw. jak w niedziele. Taca przeznaczona na KUL i Instytut Filozoficzno \u2013 teologiczny w Zielonej G\u00f3rze.\u00a0<\/p>\n\n\n\n<p><strong>12. Od czwartku Msze \u015bw. w dni powszednie o godz. 7:00 o godz. 18:00.<\/strong><\/p>\n\n\n\n<p><strong>13<\/strong>. W czwartek\u00a0<strong>\u015bw. Jana Ewangelisty<\/strong>\u00a0\u2013 na Mszy \u015bw.\u00a0<strong>o godz. 18:00 po\u015bwi\u0119cenie wina.<\/strong><\/p>\n\n\n\n<p><strong>14<\/strong>. W pi\u0105tek\u00a0<strong>\u015awi\u0119tych M\u0142odziank\u00f3w<\/strong>\u00a0\u2013 na Mszy \u015bw.\u00a0<strong>o godz. 18:00 b\u0142ogos\u0142awie\u0144stwo dzieci.<\/strong><\/p>\n\n\n\n<p><strong>15<\/strong>. W pi\u0105tek z racji \u015bwiat udzielam dyspensy od pokarm\u00f3w mi\u0119snych.\u00a0<\/p>\n\n\n\n<p><strong>16<\/strong>. W kaplicy naszego ko\u015bcio\u0142a\u00a0<strong>trwa ca\u0142odniowa Adoracja Naj\u015bwi\u0119tszego Sakramentu,<\/strong>\u00a0od poniedzia\u0142ku do pi\u0105tku w godzinach od 7:30 do Mszy wieczornej\u00a0<\/p>\n\n\n\n<p><strong>17<\/strong>. Serdeczne \u201eB\u00f3g zap\u0142a\u0107\u201d\u00a0<strong>1 rodzinie z ul. Sautera<\/strong>\u00a0za sprz\u0105tanie ko\u015bcio\u0142a i ofiar\u0119 na kwiaty. Msza \u015bw. w intencji tych os\u00f3b i ich rodzin b\u0119dzie si\u0119 10.01. o godz. 7:00\u00a0\u00a0<strong>W sobot\u0119\u00a0 na godz. 9.00<\/strong>\u00a0do sprz\u0105tania ko\u015bcio\u0142a prosz\u0119 wiernych\u00a0<strong>z osiedla Konstytucji blok nr 1<\/strong><\/p>\n\n\n\n<p><strong>18<\/strong>. Zach\u0119camy do zakupu i lektury prasy katolickiej:\u00a0<strong>Tygodnika NIEDZIELA, Mi\u0142ujcie si\u0119, GO\u015a\u0106 NIEDZIELNY i G\u0142os \u015aw. J\u00f3zefa<\/strong>\u00a0kupi\u0107 mo\u017cna w zakrystii i u ministrant\u00f3w przy wyj\u015bciu z\u00a0 ko\u015bcio\u0142a.\u00a0<\/p>\n\n\n\n<p><strong>19<\/strong>. Dekretem ks. Bp. Ordynariusza ks. Ireneusz Semk\u0142o zosta\u0142 zwolniony z pos\u0142ugi w naszej parafii. Dzi\u0119kujemy Mu za pos\u0142ug\u0119 i pami\u0119tamy w modlitwie.\u00a0<\/p>\n\n\n\n<p><strong>20<\/strong>. W czwartek rozpoczniemy duszpasterskie wizyty w rodzinach naszej parafii zwane kol\u0119d\u0105. Celem kol\u0119dy jest wsp\u00f3lna modlitwa z b\u0142ogos\u0142awie\u0144stwem domu oraz rozmowa na tematy \u017cycia religijnego w rodzinie i spraw duszpasterstwa w parafii. Nie l\u0119kajmy si\u0119 te\u017c pyta\u0107 kap\u0142ana o sprawy dotycz\u0105ce parafii, kt\u00f3re w rodzinie s\u0105 nieznane. Prosimy tak\u017ce, aby rodziny znajduj\u0105ce si\u0119 w trudnej sytuacji m\u00f3wi\u0142y z kap\u0142anem szczerze o swych problemach.\u00a0<\/p>\n\n\n\n<p><strong>21<\/strong>. Kol\u0119da jest znakiem utrzymywania wi\u0119zi z parafi\u0105, jako wsp\u00f3lnot\u0105 wiary, dlatego pragniemy odwiedzi\u0107 wszystkie rodziny i wszystkich wiernych w parafii. Na kol\u0119d\u0119 powinien by\u0107 st\u00f3\u0142 nakryty bia\u0142ym obrusem, na nim ustawiony krzy\u017c i dwie zapalone \u015bwiece, naczynie z wod\u0105 \u015bwi\u0119con\u0105 i kropid\u0142o oraz Ksi\u0119ga Pisma \u015awi\u0119tego, a gdy s\u0105 dzieci w wieku szkolnym to tak\u017ce zeszyty z religii oraz indeksy kandydat\u00f3w do Bierzmowania. Dok\u0142adny plan kol\u0119dy jest wywieszony w gablotach i umieszczony na stronie internetowej parafii, jednak mo\u017ce ulec ma\u0142ym zmianom.\u00a0\u00a0<\/p>\n\n\n\n<p><strong>22<\/strong>. Wszystkim parafianom i\u00a0<strong>go\u015bciom \u017cyczymy dobrej niedzieli i Bo\u017cego\u00a0 b\u0142ogos\u0142awie\u0144stwa.<\/strong><\/p>\n","protected":false},"excerpt":{"rendered":"<p>23 XII 2018 Og\u0142oszenia duszpasterskie4 niedziela Adwentu 1. Dzisiaj\u00a04 niedziela Adwentu. Dzie\u0144 \u017ca\u0142oby narodowej \u2013 pami\u0119tajmy w modlitwie o tragicznie zmar\u0142ych g\u00f3rnikach\u00a0\u00a0 2. Dzisiaj na Msz\u0119 \u015bw. o godz. 11:00\u00a0harcerze&hellip;<\/p>\n","protected":false},"author":1,"featured_media":3316,"comment_status":"closed","ping_status":"closed","sticky":false,"template":"","format":"standard","meta":{"_lmt_disableupdate":"","_lmt_disable":"","footnotes":""},"categories":[19],"tags":[],"class_list":["post-3438","post","type-post","status-publish","format-standard","has-post-thumbnail","hentry","category-ogloszenia"],"_links":{"self":[{"href":"https:\/\/swiety-jozef.pl\/index.php\/wp-json\/wp\/v2\/posts\/3438","targetHints":{"allow":["GET"]}}],"collection":[{"href":"https:\/\/swiety-jozef.pl\/index.php\/wp-json\/wp\/v2\/posts"}],"about":[{"href":"https:\/\/swiety-jozef.pl\/index.php\/wp-json\/wp\/v2\/types\/post"}],"author":[{"embeddable":true,"href":"https:\/\/swiety-jozef.pl\/index.php\/wp-json\/wp\/v2\/users\/1"}],"replies":[{"embeddable":true,"href":"https:\/\/swiety-jozef.pl\/index.php\/wp-json\/wp\/v2\/comments?post=3438"}],"version-history":[{"count":1,"href":"https:\/\/swiety-jozef.pl\/index.php\/wp-json\/wp\/v2\/posts\/3438\/revisions"}],"predecessor-version":[{"id":3439,"href":"https:\/\/swiety-jozef.pl\/index.php\/wp-json\/wp\/v2\/posts\/3438\/revisions\/3439"}],"wp:featuredmedia":[{"embeddable":true,"href":"https:\/\/swiety-jozef.pl\/index.php\/wp-json\/wp\/v2\/media\/3316"}],"wp:attachment":[{"href":"https:\/\/swiety-jozef.pl\/index.php\/wp-json\/wp\/v2\/media?parent=3438"}],"wp:term":[{"taxonomy":"category","embeddable":true,"href":"https:\/\/swiety-jozef.pl\/index.php\/wp-json\/wp\/v2\/categories?post=3438"},{"taxonomy":"post_tag","embeddable":true,"href":"https:\/\/swiety-jozef.pl\/index.php\/wp-json\/wp\/v2\/tags?post=3438"}],"curies":[{"name":"wp","href":"https:\/\/api.w.org\/{rel}","templated":true}]}}