{"id":3436,"date":"2022-03-07T03:36:51","date_gmt":"2022-03-07T02:36:51","guid":{"rendered":"https:\/\/swiety-jozef.pl\/?p=3436"},"modified":"2022-03-07T03:36:54","modified_gmt":"2022-03-07T02:36:54","slug":"ogloszenia-duszpasterskie-16-12-2018-r","status":"publish","type":"post","link":"https:\/\/swiety-jozef.pl\/index.php\/2022\/03\/07\/ogloszenia-duszpasterskie-16-12-2018-r\/","title":{"rendered":"Og\u0142oszenia duszpasterskie 16.12.2018 r."},"content":{"rendered":"\n<p class=\"has-text-align-right\"><strong>16 XII 2018<\/strong><\/p>\n\n\n\n<h4 class=\"has-text-align-center wp-block-heading\">Og\u0142oszenia duszpasterskie<br>3 niedziela Adwentu &#8211; Gaudete<\/h4>\n\n\n\n<p><strong>1<\/strong>. Dzisiaj&nbsp;<strong>3 niedziela Adwentu<\/strong>&nbsp;zwana niedziel\u0105 Rado\u015bci \u2013 Gaudete.<\/p>\n\n\n\n<p><strong>2<\/strong>.&nbsp;<strong>Dzisiaj rozpoczynamy Rekolekcje Adwentowe, trwa\u0107 b\u0119d\u0105 do wtorku<\/strong>&nbsp;w\u0142\u0105cznie, prowadzi\u0142 je b\u0119dzie ks. kan. Robert Patro &#8211; wikariusz biskupi, kt\u00f3rego bardzo serdecznie witamy w naszej wsp\u00f3lnocie. Plan rekolekcji w gablotach i na stronie internetowej naszej parafii. Zapraszamy.<\/p>\n\n\n\n<!--more-->\n\n\n\n<p><strong>3. W ramach rekolekcji pragniemy odwiedzi\u0107 w sobot\u0119 z pos\u0142uga sakramentaln\u0105 chorych. Bardzo prosz\u0119 zaproponowa\u0107 swoim najbli\u017cszym, s\u0105siadom, znajomym spowied\u017a \u015bwi\u0105teczn\u0105. Chorych mo\u017cna zg\u0142asza\u0107 w zakrystii.<\/strong><\/p>\n\n\n\n<p><strong>4. Spotkanie z m\u0142odzie\u017c\u0105 przygotowuj\u0105c\u0105 si\u0119 do sakr. Bierzmowania i t\u0105 kt\u00f3ra w ubieg\u0142ym roku przyj\u0119\u0142a ten sakrament \u2013 dzisiaj w niedziele na Mszy \u015bw. o godz. 18:30.<\/strong><\/p>\n\n\n\n<p><strong>5<\/strong>. Dzisiaj dzie\u0144 solidarno\u015bci z kap\u0142anami seniorami.<\/p>\n\n\n\n<p><strong>6<\/strong>. Dzisiaj jest&nbsp;<strong>trzeci\u0105 niedziel\u0105 miesi\u0105ca<\/strong>. Ofiary na tac\u0119 tradycyjnie sk\u0142adamy na potrzeby naszej parafii. Dokonujemy termoizolacji budynku plebanii. Za pami\u0119\u0107 i ofiarno\u015b\u0107 sk\u0142adamy serdeczne \u201eB\u00f3g zap\u0142a\u0107&#8221;.<\/p>\n\n\n\n<p><strong>7<\/strong>. W \u015brod\u0119 o godz. 18:00&nbsp;<strong>Nowenna i Msza \u015bw. w intencji czcicieli MB Nieustaj\u0105cej Pomocy.<\/strong><\/p>\n\n\n\n<p><strong>8<\/strong>. W kaplicy naszego ko\u015bcio\u0142a&nbsp;<strong>trwa ca\u0142odniowa Adoracja Naj\u015bwi\u0119tszego Sakramentu<\/strong>, od poniedzia\u0142ku do pi\u0105tku w godzinach od 7:30 do Mszy wieczornej.<\/p>\n\n\n\n<p><strong>9<\/strong>. Zapraszamy na&nbsp;<strong>Msze \u015bw. Roratnie<\/strong>, we wszystkie dni powszednie:<strong>&nbsp;rano o godz. 6:30, wieczorem o godz. 17:00<\/strong>&nbsp;z my\u015bl\u0105 o dzieciach.&nbsp;<strong>Dzieci otrzymuj\u0105 plansz\u0119<\/strong>&nbsp;i po ka\u017cdych roratach otrzymuj\u0105<strong>&nbsp;obrazek postaci z Biblii<\/strong>, kt\u00f3ra z odwag\u0105 m\u00f3wi\u0142a o Bogu.&nbsp;<strong>Dzieci przychodz\u0105 z lampionami.<\/strong><\/p>\n\n\n\n<p><strong>10<\/strong>. Cz\u0142onkowie Parafialnych Grup Duszpasterskich roznie\u015bli op\u0142atki. Dzi\u0119kujemy im za t\u0105 pos\u0142ug\u0119. Osoby do kt\u00f3rych op\u0142atki nie&nbsp;<strong>dotar\u0142y mog\u0105&nbsp;odebra\u0107 je w zakrystii.<\/strong><\/p>\n\n\n\n<p><strong>11<\/strong>. Oaza m\u0142odzie\u017cy i dzieci zaprasza do zakupienia kartek Bo\u017conarodzeniowych, doch\u00f3d przeznaczony b\u0119dzie na wyjazd letni dla naszej m\u0142odzie\u017cy. Kartki b\u0119d\u0105 sprzedawane po ka\u017cdej mszy \u015bw. we wszystkie niedziele Adwentu w&nbsp;<strong>kancelarii parafialnej<\/strong>. Zapraszamy.<\/p>\n\n\n\n<p><strong>12<\/strong>. S\u0105 rozprowadzane<strong>&nbsp;\u015bwiece Caritas<\/strong>&nbsp;na wigilijny st\u00f3\u0142, jak Wigilijne Dzie\u0142o pomocy Dzieciom.<\/p>\n\n\n\n<p><strong>13<\/strong>.&nbsp;<strong>W pi\u0105tek planujemy ustawi\u0107 choinki w naszym ko\u015bciele<\/strong>. Bardzo prosz\u0119&nbsp;<strong>pan\u00f3w<\/strong>&nbsp;&#8211; ch\u0119tnych do pomocy,&nbsp;<strong>po mszy \u015bwi\u0119tej do zakrystii<\/strong>&nbsp;w celu zaplanowania konkretnej godziny.<\/p>\n\n\n\n<p><strong>14<\/strong>. Serdeczne \u201eB\u00f3g zap\u0142a\u0107&#8221;&nbsp;<strong>2 osobom z ul. Struga<\/strong>&nbsp;za sprz\u0105tanie ko\u015bcio\u0142a i ofiar\u0119 na kwiaty. Msza \u015bw. w intencji tych os\u00f3b i ich rodzin b\u0119dzie si\u0119 12.01. o godz. 7:00<\/p>\n\n\n\n<p><strong>W sobot\u0119 na godz. 9.00<\/strong>&nbsp;do sprz\u0105tania ko\u015bcio\u0142a prosz\u0119 wiernych z<strong>&nbsp;ul. Kosmonaut\u00f3w i Sautera.<\/strong><\/p>\n\n\n\n<p><strong>15<\/strong>. W przysz\u0142a niedziel\u0119 na Msz\u0119 \u015bw. o godz. 11:00<strong>&nbsp;harcerze przynios\u0105 Betlejemskie \u015awiat\u0142o Pokoju,<\/strong>&nbsp;prosimy aby przyj\u015b\u0107 na t\u0105 Msz\u0119 \u015bw. z lampionami. \u015awiat\u0142o b\u0119dzie mo\u017cna przej\u0105\u0107 na wszystkich mszach \u015bw. Zapraszamy.<\/p>\n\n\n\n<p><strong>16<\/strong>. Pragniemy poinformowa\u0107, \u017ce w naszej parafii odb\u0119d\u0105 si\u0119&nbsp;<strong>dwie PASTERKI: o godz. 22:00 i o godz. 24:00.<\/strong><\/p>\n\n\n\n<p><strong>17<\/strong>. Zach\u0119camy do zakupu i lektury prasy katolickiej: Tygodnika&nbsp;<strong>NIEDZIELA, Mi\u0142ujcie si\u0119 i GO\u015a\u0106 NIEDZIELNY<\/strong>&nbsp;kupi\u0107 mo\u017cna w zakrystii i u ministrant\u00f3w przy wyj\u015bciu z ko\u015bcio\u0142a.<\/p>\n\n\n\n<p><strong>18<\/strong>.&nbsp;<strong>Mo\u017cliwo\u015b\u0107 spowiedzi codziennie p\u00f3\u0142 godziny przed Msz\u0105 \u015bwi\u0119t\u0105.<\/strong><\/p>\n\n\n\n<p>Wszystkim parafianom i<strong>&nbsp;go\u015bciom \u017cyczymy dobrej niedzieli i Bo\u017cego b\u0142ogos\u0142awie\u0144stwa.<\/strong><\/p>\n","protected":false},"excerpt":{"rendered":"<p>16 XII 2018 Og\u0142oszenia duszpasterskie3 niedziela Adwentu &#8211; Gaudete 1. Dzisiaj&nbsp;3 niedziela Adwentu&nbsp;zwana niedziel\u0105 Rado\u015bci \u2013 Gaudete. 2.&nbsp;Dzisiaj rozpoczynamy Rekolekcje Adwentowe, trwa\u0107 b\u0119d\u0105 do wtorku&nbsp;w\u0142\u0105cznie, prowadzi\u0142 je b\u0119dzie ks. kan.&hellip;<\/p>\n","protected":false},"author":1,"featured_media":3316,"comment_status":"closed","ping_status":"closed","sticky":false,"template":"","format":"standard","meta":{"_lmt_disableupdate":"","_lmt_disable":"","footnotes":""},"categories":[19],"tags":[],"class_list":["post-3436","post","type-post","status-publish","format-standard","has-post-thumbnail","hentry","category-ogloszenia"],"_links":{"self":[{"href":"https:\/\/swiety-jozef.pl\/index.php\/wp-json\/wp\/v2\/posts\/3436","targetHints":{"allow":["GET"]}}],"collection":[{"href":"https:\/\/swiety-jozef.pl\/index.php\/wp-json\/wp\/v2\/posts"}],"about":[{"href":"https:\/\/swiety-jozef.pl\/index.php\/wp-json\/wp\/v2\/types\/post"}],"author":[{"embeddable":true,"href":"https:\/\/swiety-jozef.pl\/index.php\/wp-json\/wp\/v2\/users\/1"}],"replies":[{"embeddable":true,"href":"https:\/\/swiety-jozef.pl\/index.php\/wp-json\/wp\/v2\/comments?post=3436"}],"version-history":[{"count":1,"href":"https:\/\/swiety-jozef.pl\/index.php\/wp-json\/wp\/v2\/posts\/3436\/revisions"}],"predecessor-version":[{"id":3437,"href":"https:\/\/swiety-jozef.pl\/index.php\/wp-json\/wp\/v2\/posts\/3436\/revisions\/3437"}],"wp:featuredmedia":[{"embeddable":true,"href":"https:\/\/swiety-jozef.pl\/index.php\/wp-json\/wp\/v2\/media\/3316"}],"wp:attachment":[{"href":"https:\/\/swiety-jozef.pl\/index.php\/wp-json\/wp\/v2\/media?parent=3436"}],"wp:term":[{"taxonomy":"category","embeddable":true,"href":"https:\/\/swiety-jozef.pl\/index.php\/wp-json\/wp\/v2\/categories?post=3436"},{"taxonomy":"post_tag","embeddable":true,"href":"https:\/\/swiety-jozef.pl\/index.php\/wp-json\/wp\/v2\/tags?post=3436"}],"curies":[{"name":"wp","href":"https:\/\/api.w.org\/{rel}","templated":true}]}}