{"id":3434,"date":"2022-03-07T03:33:59","date_gmt":"2022-03-07T02:33:59","guid":{"rendered":"https:\/\/swiety-jozef.pl\/?p=3434"},"modified":"2022-03-07T03:34:02","modified_gmt":"2022-03-07T02:34:02","slug":"ogloszenia-duszpasterskie-09-12-2018-r","status":"publish","type":"post","link":"https:\/\/swiety-jozef.pl\/index.php\/2022\/03\/07\/ogloszenia-duszpasterskie-09-12-2018-r\/","title":{"rendered":"Og\u0142oszenia duszpasterskie 09.12.2018 r."},"content":{"rendered":"\n<p class=\"has-text-align-right\"><strong>9 XII 2018<\/strong><\/p>\n\n\n\n<h4 class=\"has-text-align-center wp-block-heading\">Og\u0142oszenia duszpasterskie<br>1 niedziela Adwentu<\/h4>\n\n\n\n<p><strong>1<\/strong>. Dzisiaj\u00a0<strong>2 niedziela Adwentu.<\/strong>\u00a0Dzisiaj zbi\u00f3rka do puszek na\u00a0<strong>pomoc Ko\u015bcio\u0142owi Katolickiemu na Wschodzie.<\/strong><\/p>\n\n\n\n<p><strong>2<\/strong>. W \u015brod\u0119 o godz. 18:00<strong>\u00a0Nowenna i Msza \u015bw. w intencji czcicieli MB Nieustaj\u0105cej Pomocy.<\/strong><\/p>\n\n\n\n<p><strong>3<\/strong>. W czwartek 13 grudnia 37 rocznica wprowadzenia stanu wojennego,\u00a0<strong>Msza \u015bw. za Ojczyzn\u0119<\/strong>\u00a0w parafii \u015aw. Antoniego o godz. 18:30<\/p>\n\n\n\n<!--more-->\n\n\n\n<p><strong>4<\/strong>. W kaplicy naszego ko\u015bcio\u0142a\u00a0<strong>trwa ca\u0142odniowa Adoracja Naj\u015bwi\u0119tszego Sakramentu<\/strong>, od poniedzia\u0142ku do pi\u0105tku w godzinach od 7:30 do Mszy wieczornej.\u00a0<\/p>\n\n\n\n<p><strong>5<\/strong>. Zapraszamy na\u00a0<strong>Msze \u015bw. Roratnie<\/strong>, we wszystkie dni powszednie:\u00a0<strong>rano o godz. 6:30, wieczorem o godz. 17:00<\/strong>\u00a0z my\u015bl\u0105 o dzieciach.\u00a0<strong>Dzieci otrzymuj\u0105 plansz\u0119<\/strong>\u00a0i po ka\u017cdych roratach otrzymuj\u0105\u00a0<strong>obrazek postaci z Biblii<\/strong>, kt\u00f3ra z odwag\u0105 m\u00f3wi\u0142a o Bogu.\u00a0<strong>Dzieci przychodz\u0105 z lampionami.<\/strong><\/p>\n\n\n\n<p><strong>6<\/strong>. W okresie adwentu Msze \u015bw. w naszej parafii:<\/p>\n\n\n\n<ul class=\"wp-block-list\"><li><strong>6:30 \u2013 Msza Roraty<\/strong><\/li><li><strong>17:00 \u2013 Msza Roraty&nbsp;<\/strong><\/li><li><strong>18:00 \u2013 Msza z dnia<\/strong><\/li><\/ul>\n\n\n\n<p><strong>7<\/strong>. Dzi\u0119kujemy za pomoc \u015bw. Miko\u0142ajowi w przegotowaniu prezent\u00f3w dla naszych dzieci. B\u00f3g Zap\u0142a\u0107.\u00a0<\/p>\n\n\n\n<p><strong>8<\/strong>. Cz\u0142onkowie Parafialnych Grup Duszpasterskich roznie\u015bli op\u0142atki. Dzi\u0119kujemy im za t\u0105 pos\u0142ug\u0119. Osoby do kt\u00f3rych op\u0142atki nie dotar\u0142y mog\u0105 odebra\u0107 je w zakrystii.\u00a0<\/p>\n\n\n\n<p><strong>9<\/strong>. Oaza m\u0142odzie\u017cy dzieci zaprasza do zakupienia<strong>\u00a0kartek Bo\u017conarodzeniowych<\/strong>, doch\u00f3d przeznaczony b\u0119dzie na wyjazd letni dla naszej m\u0142odzie\u017c. Kartki b\u0119d\u0105 sprzedawane po ka\u017cdej mszy \u015bw. we wszystkie niedziele Adwentu w\u00a0<strong>kancelarii parafialne<\/strong>j. Zapraszamy.\u00a0<\/p>\n\n\n\n<p><strong>10<\/strong>.\u00a0<strong>Rekolekcje Adwentowe<\/strong>\u00a0rozpoczn\u0105 si\u0119 w przysz\u0142\u0105\u00a0<strong>sobot\u0119 msz\u0105 \u015bw. o godz. 18:00 i trwa\u0107 b\u0119d\u0105 do wtorku<\/strong>\u00a0w\u0142\u0105cznie, prowadzi\u0142 je b\u0119dzie ks. kan. Robert Patro &#8211; wikariusz biskupi.\u00a0<\/p>\n\n\n\n<p><strong>11<\/strong>. S\u0105 rozprowadzane\u00a0<strong>\u015bwiece Caritas<\/strong>\u00a0na wigilijny st\u00f3\u0142, jak Wigilijne Dzie\u0142o pomocy Dzieciom.\u00a0<\/p>\n\n\n\n<p><strong>12<\/strong>. Przysz\u0142a niedziela jest\u00a0<strong>trzeci\u0105 niedziel\u0105 miesi\u0105ca<\/strong>. Ofiary na tac\u0119 tradycyjnie sk\u0142adamy na potrzeby naszej parafii. Dokonujemy termoizolacji budynku plebanii. Za pami\u0119\u0107 i ofiarno\u015b\u0107 sk\u0142adamy serdeczne \u201eB\u00f3g zap\u0142a\u0107\u201d.\u00a0<\/p>\n\n\n\n<p><strong>13<\/strong>. Dzisiaj rozpoczynamy\u00a0<strong>przygotowanie do Sakramentu Bierzmowania dla os\u00f3b doros\u0142ych po 21 roku \u017cycia<\/strong>. Jest to cykl 10 katechez niedzielnych, w miesi\u0105cach: grudzie\u0144 9XII, 16XII, 23XII, stycze\u0144, luty. Zainteresowane osoby zapraszamy do zakrystii.\u00a0<\/p>\n\n\n\n<p><strong>14<\/strong>. Serdeczne \u201eB\u00f3g zap\u0142a\u0107\u201d<strong>\u00a02 osobom z ul. Che\u0142mo\u0144skiego<\/strong>\u00a0za sprz\u0105tanie ko\u015bcio\u0142a i ofiar\u0119 na kwiaty. Msza \u015bw. w intencji tych os\u00f3b i ich rodzin b\u0119dzie si\u0119 9.01. o godz. 7:00\u00a0\u00a0<strong>W sobot\u0119\u00a0 na godz. 9.00 do sprz\u0105tania<\/strong>\u00a0ko\u015bcio\u0142a prosz\u0119 wiernych z<strong>\u00a0ul. Struga<\/strong><\/p>\n\n\n\n<p><strong>15<\/strong>. Zach\u0119camy do zakupu i lektury prasy katolickiej: Tygodnika\u00a0<strong>NIEDZIELA i GO\u015a\u0106 NIEDZIELNY<\/strong>\u00a0kupi\u0107 mo\u017cna w zakrystii i u ministrant\u00f3w przy wyj\u015bciu z\u00a0 ko\u015bcio\u0142a.\u00a0<\/p>\n\n\n\n<p><strong>16. Mo\u017cliwo\u015b\u0107 spowiedzi codziennie p\u00f3\u0142 godziny przed Msz\u0105 \u015bwi\u0119t\u0105.<\/strong>\u00a0<\/p>\n\n\n\n<p>Wszystkim parafianom<strong>\u00a0i go\u015bciom \u017cyczymy dobrej niedzieli i Bo\u017cego\u00a0 b\u0142ogos\u0142awie\u0144stwa.<\/strong><\/p>\n","protected":false},"excerpt":{"rendered":"<p>9 XII 2018 Og\u0142oszenia duszpasterskie1 niedziela Adwentu 1. Dzisiaj\u00a02 niedziela Adwentu.\u00a0Dzisiaj zbi\u00f3rka do puszek na\u00a0pomoc Ko\u015bcio\u0142owi Katolickiemu na Wschodzie. 2. W \u015brod\u0119 o godz. 18:00\u00a0Nowenna i Msza \u015bw. w intencji&hellip;<\/p>\n","protected":false},"author":1,"featured_media":3316,"comment_status":"closed","ping_status":"closed","sticky":false,"template":"","format":"standard","meta":{"_lmt_disableupdate":"","_lmt_disable":"","footnotes":""},"categories":[19],"tags":[],"class_list":["post-3434","post","type-post","status-publish","format-standard","has-post-thumbnail","hentry","category-ogloszenia"],"_links":{"self":[{"href":"https:\/\/swiety-jozef.pl\/index.php\/wp-json\/wp\/v2\/posts\/3434","targetHints":{"allow":["GET"]}}],"collection":[{"href":"https:\/\/swiety-jozef.pl\/index.php\/wp-json\/wp\/v2\/posts"}],"about":[{"href":"https:\/\/swiety-jozef.pl\/index.php\/wp-json\/wp\/v2\/types\/post"}],"author":[{"embeddable":true,"href":"https:\/\/swiety-jozef.pl\/index.php\/wp-json\/wp\/v2\/users\/1"}],"replies":[{"embeddable":true,"href":"https:\/\/swiety-jozef.pl\/index.php\/wp-json\/wp\/v2\/comments?post=3434"}],"version-history":[{"count":1,"href":"https:\/\/swiety-jozef.pl\/index.php\/wp-json\/wp\/v2\/posts\/3434\/revisions"}],"predecessor-version":[{"id":3435,"href":"https:\/\/swiety-jozef.pl\/index.php\/wp-json\/wp\/v2\/posts\/3434\/revisions\/3435"}],"wp:featuredmedia":[{"embeddable":true,"href":"https:\/\/swiety-jozef.pl\/index.php\/wp-json\/wp\/v2\/media\/3316"}],"wp:attachment":[{"href":"https:\/\/swiety-jozef.pl\/index.php\/wp-json\/wp\/v2\/media?parent=3434"}],"wp:term":[{"taxonomy":"category","embeddable":true,"href":"https:\/\/swiety-jozef.pl\/index.php\/wp-json\/wp\/v2\/categories?post=3434"},{"taxonomy":"post_tag","embeddable":true,"href":"https:\/\/swiety-jozef.pl\/index.php\/wp-json\/wp\/v2\/tags?post=3434"}],"curies":[{"name":"wp","href":"https:\/\/api.w.org\/{rel}","templated":true}]}}