{"id":3432,"date":"2022-03-07T03:29:33","date_gmt":"2022-03-07T02:29:33","guid":{"rendered":"https:\/\/swiety-jozef.pl\/?p=3432"},"modified":"2022-03-07T03:29:36","modified_gmt":"2022-03-07T02:29:36","slug":"ogloszenia-duszpasterskie-02-12-2018-r","status":"publish","type":"post","link":"https:\/\/swiety-jozef.pl\/index.php\/2022\/03\/07\/ogloszenia-duszpasterskie-02-12-2018-r\/","title":{"rendered":"Og\u0142oszenia duszpasterskie 02.12.2018 r."},"content":{"rendered":"\n<p class=\"has-text-align-right\"><strong>2 XII 2018<\/strong><\/p>\n\n\n\n<h4 class=\"has-text-align-center wp-block-heading\">Og\u0142oszenia duszpasterskie<br>1 niedziela Adwentu<\/h4>\n\n\n\n<p><strong>1<\/strong>. Dzisiaj\u00a0<strong>1 niedziela Adwentu<\/strong>, rozpoczynamy nowy rok liturgiczny.\u00a0<\/p>\n\n\n\n<p><strong>2<\/strong>. Jako\u00a0<strong>owoc powsta\u0142ej Rady Duszpasterskiej<\/strong>, w kaplicy naszego ko\u015bcio\u0142a\u00a0<strong>b\u0119dzie ca\u0142odniowa Adoracja Naj\u015bwi\u0119tszego Sakramentu<\/strong>, od poniedzia\u0142ku do pi\u0105tku w godzinach od 7:30 do Mszy wieczornej.\u00a0<\/p>\n\n\n\n<!--more-->\n\n\n\n<p><strong>3<\/strong>. Dzisiaj\u00a0<strong>na Mszy \u015bw. o godz. 11:00 spotkanie z rodzicami dzieci klas III przygotowuj\u0105cych si\u0119 do Pierwszej Komunii \u015awi\u0119tej.<\/strong><\/p>\n\n\n\n<p><strong>4<\/strong>. Zapraszamy na\u00a0<strong>Msze \u015bw. Roratnie<\/strong>, we wszystkie dni powszednie:\u00a0<strong>rano o godz. 6:30<\/strong>\u00a0lub\u00a0<strong>wieczorem o godz. 17:00<\/strong>\u00a0z my\u015bl\u0105 o dzieciach.\u00a0<strong>Dzieci otrzymuj\u0105 plansz\u0119<\/strong>\u00a0i po ka\u017cdych roratach otrzymuj\u0105\u00a0<strong>obrazek postaci z Biblii<\/strong>, kt\u00f3ra z odwag\u0105 m\u00f3wi\u0142a o Bogu. Dzieci<strong>\u00a0przychodz\u0105 z lampionami.<\/strong><\/p>\n\n\n\n<p><strong>5<\/strong>. W okresie adwentu Msze \u015bw. w naszej parafii:<\/p>\n\n\n\n<ul class=\"wp-block-list\"><li><em><strong>6:30 \u2013 Msza Roraty<\/strong><\/em><\/li><li><em><strong>17:00 \u2013 Msza Roraty&nbsp;<\/strong><\/em><\/li><li><em><strong>18:00 \u2013 Msza z dnia<\/strong><\/em><\/li><\/ul>\n\n\n\n<p><strong>6<\/strong>. We wtorek 4 grudnia<strong>\u00a0\u015bw. Barbary<\/strong>\u00a0patronki g\u00f3rnik\u00f3w.\u00a0<\/p>\n\n\n\n<p><strong>7<\/strong>. Zbli\u017ca si\u0119\u00a0<strong>dzie\u0144 \u015awi\u0119tego Miko\u0142aja<\/strong>, osoby prywatne i firmy, kt\u00f3re chcia\u0142yby pom\u00f3c \u015bw. Miko\u0142ajowi w przegotowaniu prezent\u00f3w dla naszych dzieci zapraszam z propozycjami do zakrystii.\u00a0<\/p>\n\n\n\n<p><strong>8<\/strong>. Zapraszamy dzieci na spotkanie ze\u00a0<strong>\u015aw. Miko\u0142ajem w czwartek na Mszy \u015bw. Roratniej o godz. 17:00.<\/strong><\/p>\n\n\n\n<p><strong>9<\/strong>.\u00a0<strong>W sobot\u0119 8 grudnia Uroczysto\u015b\u0107 Niepokalanego Pocz\u0119cia NMP,<\/strong>\u00a0na Mszy \u015bw. o godz. 17:00<strong>\u00a0rodzice dzieci klas III<\/strong>\u00a0przeka\u017c\u0105 swoim dzieciom przygotowuj\u0105cym si\u0119 do I Komunii \u015aw. po\u015bwi\u0119cone medaliki.\u00a0<\/p>\n\n\n\n<p><strong>10<\/strong>. W tym tygodniu I czwartek, I pi\u0105tek miesi\u0105ca.\u00a0<\/p>\n\n\n\n<ul class=\"wp-block-list\"><li>&#8211;<strong>&nbsp;W czwartek o godz. 17.00<\/strong>&nbsp;w czasie Mszy \u015bw. modlimy si\u0119 w intencji powo\u0142a\u0144 kap\u0142a\u0144skich i zakonnych. Po Mszy \u015bw. spotkanie Przyjaci\u00f3\u0142 Parady\u017ca.<\/li><li>&#8211;&nbsp;<strong>W pi\u0105tek od godz. 15.00<\/strong>&nbsp;\u2013 Godzina Mi\u0142osierdzia i Adoracja Naj\u015bwi\u0119tszego Sakramentu z nabo\u017ce\u0144stwem wynagradzaj\u0105cym. O godz. 18.00 Msza \u015bw. ku czci Naj\u015bwi\u0119tszego Serca P. Jezusa.<\/li><li><strong>Spowied\u017a \u015bw. pierwszopi\u0105tkowa w pi\u0105tek od godz. 15:00 do 18:00.<\/strong><\/li><\/ul>\n\n\n\n<p><strong>11<\/strong>. Cz\u0142onkowie Parafialnych Grup Duszpasterskich roznosz\u0105 op\u0142atki wigilijne. Przypominamy, \u017ce roznosz\u0105cy op\u0142atki nie bior\u0105 \u017cadnych pieni\u0119dzy, a znakiem, \u017ce s\u0105 z parafii, b\u0119d\u0105 mieli identyfikatory z piecz\u0119ci\u0105 parafialn\u0105.<strong>\u00a0Prosimy o \u017cyczliwe przyjmowanie tych os\u00f3b<\/strong>, kt\u00f3re z zaanga\u017cowania w sprawy parafii po\u015bwi\u0119caj\u0105 sw\u00f3j czas dla dobra innych parafian.\u00a0\u00a0<\/p>\n\n\n\n<p><strong>12<\/strong>. Oaza m\u0142odzie\u017cy dzieci zaprasza do zakupienia<strong>\u00a0kartek Bo\u017conarodzeniowych<\/strong>, doch\u00f3d przeznaczony b\u0119dzie na wyjazd letni dla naszej m\u0142odzie\u017c. Kartki b\u0119d\u0105 sprzedawane po ka\u017cdej mszy \u015bw. we wszystkie niedziele Adwentu\u00a0<strong>w kancelarii parafialne<\/strong>j. Zapraszamy.\u00a0<\/p>\n\n\n\n<p><strong>13<\/strong>. Rekolekcje Adwentowe rozpoczn\u0105 si\u0119 w III niedziele Adwentu, prowadzi\u0142 je b\u0119dzie ks. kan. Robert Patro wikariusz biskupi.<br><strong>14<\/strong>. Od dzisiejszej niedzieli b\u0119d\u0105 rozprowadzane\u00a0<strong>\u015bwiece Caritas<\/strong>\u00a0na wigilijny st\u00f3\u0142, jak Wigilijne Dzie\u0142o pomocy Dzieciom.\u00a0<\/p>\n\n\n\n<p><strong>15<\/strong>. W przysz\u0142\u0105 niedziel\u0119 zbi\u00f3rka do puszek na<strong>\u00a0pomoc Ko\u015bcio\u0142owi Katolickiemu na Wschodzie.<\/strong><\/p>\n\n\n\n<p><strong>16<\/strong>.\u00a0<strong>Spotkanie m\u0142odzie\u017cy przygotowuj\u0105cej si\u0119 do sakramentu Bierzmowania:<\/strong><\/p>\n\n\n\n<ul class=\"wp-block-list\"><li>Klasy<strong>&nbsp;VIII i III Gimnazjum<\/strong>&nbsp;pi\u0105tek godz. 18:00 rozpocz\u0119cie Msz\u0105 \u015bw.<\/li><li>Klasa&nbsp;<strong>VII&nbsp;\u015broda<\/strong>&nbsp;godz. 18:00 rozpocz\u0119cie Msz\u0105 \u015bw.<\/li><\/ul>\n\n\n\n<p><strong>17<\/strong>. Rozpoczynamy\u00a0<strong>przygotowanie do Sakramentu Bierzmowania dla os\u00f3b doros\u0142ych po 21 roku \u017cycia<\/strong>. Jest to cykl 10 katechez niedzielnych, w miesi\u0105cach grudzie\u0144, stycze\u0144, luty. Zainteresowane osoby zapraszamy do zakrystii.\u00a0<\/p>\n\n\n\n<p><strong>18<\/strong>. Serdeczne \u201eB\u00f3g zap\u0142a\u0107\u201d\u00a0<strong>4 osobom z ul. Tetmajera<\/strong>\u00a0za sprz\u0105tanie ko\u015bcio\u0142a i ofiar\u0119 na kwiaty. Msza \u015bw. w intencji tych os\u00f3b i ich rodzin b\u0119dzie si\u0119 7.01. o godz. 7:00\u00a0\u00a0<strong>W sobot\u0119\u00a0 na godz. 9.00 do sprz\u0105tania<\/strong>\u00a0ko\u015bcio\u0142a prosz\u0119 wiernych z ul. Che\u0142mo\u0144skiego.\u00a0<\/p>\n\n\n\n<p><strong>19<\/strong>. Zach\u0119camy do zakupu i lektury prasy katolickiej: Tygodnika\u00a0<strong>NIEDZIELA i GO\u015a\u0106 NIEDZIELNY<\/strong>\u00a0kupi\u0107 mo\u017cna w zakrystii i u ministrant\u00f3w przy wyj\u015bciu z\u00a0 ko\u015bcio\u0142a.\u00a0<\/p>\n\n\n\n<p><strong>20<\/strong>.\u00a0<strong>Mo\u017cliwo\u015b\u0107 spowiedzi codziennie p\u00f3\u0142 godziny przed Msz\u0105 \u015bwi\u0119t\u0105.<\/strong>\u00a0<\/p>\n\n\n\n<p>Wszystkim parafianom i<strong>\u00a0go\u015bciom \u017cyczymy dobrej niedzieli i Bo\u017cego\u00a0 b\u0142ogos\u0142awie\u0144stwa.<\/strong><\/p>\n","protected":false},"excerpt":{"rendered":"<p>2 XII 2018 Og\u0142oszenia duszpasterskie1 niedziela Adwentu 1. Dzisiaj\u00a01 niedziela Adwentu, rozpoczynamy nowy rok liturgiczny.\u00a0 2. Jako\u00a0owoc powsta\u0142ej Rady Duszpasterskiej, w kaplicy naszego ko\u015bcio\u0142a\u00a0b\u0119dzie ca\u0142odniowa Adoracja Naj\u015bwi\u0119tszego Sakramentu, od poniedzia\u0142ku&hellip;<\/p>\n","protected":false},"author":1,"featured_media":3316,"comment_status":"closed","ping_status":"closed","sticky":false,"template":"","format":"standard","meta":{"_lmt_disableupdate":"","_lmt_disable":"","footnotes":""},"categories":[19],"tags":[],"class_list":["post-3432","post","type-post","status-publish","format-standard","has-post-thumbnail","hentry","category-ogloszenia"],"_links":{"self":[{"href":"https:\/\/swiety-jozef.pl\/index.php\/wp-json\/wp\/v2\/posts\/3432","targetHints":{"allow":["GET"]}}],"collection":[{"href":"https:\/\/swiety-jozef.pl\/index.php\/wp-json\/wp\/v2\/posts"}],"about":[{"href":"https:\/\/swiety-jozef.pl\/index.php\/wp-json\/wp\/v2\/types\/post"}],"author":[{"embeddable":true,"href":"https:\/\/swiety-jozef.pl\/index.php\/wp-json\/wp\/v2\/users\/1"}],"replies":[{"embeddable":true,"href":"https:\/\/swiety-jozef.pl\/index.php\/wp-json\/wp\/v2\/comments?post=3432"}],"version-history":[{"count":1,"href":"https:\/\/swiety-jozef.pl\/index.php\/wp-json\/wp\/v2\/posts\/3432\/revisions"}],"predecessor-version":[{"id":3433,"href":"https:\/\/swiety-jozef.pl\/index.php\/wp-json\/wp\/v2\/posts\/3432\/revisions\/3433"}],"wp:featuredmedia":[{"embeddable":true,"href":"https:\/\/swiety-jozef.pl\/index.php\/wp-json\/wp\/v2\/media\/3316"}],"wp:attachment":[{"href":"https:\/\/swiety-jozef.pl\/index.php\/wp-json\/wp\/v2\/media?parent=3432"}],"wp:term":[{"taxonomy":"category","embeddable":true,"href":"https:\/\/swiety-jozef.pl\/index.php\/wp-json\/wp\/v2\/categories?post=3432"},{"taxonomy":"post_tag","embeddable":true,"href":"https:\/\/swiety-jozef.pl\/index.php\/wp-json\/wp\/v2\/tags?post=3432"}],"curies":[{"name":"wp","href":"https:\/\/api.w.org\/{rel}","templated":true}]}}