{"id":3430,"date":"2022-03-07T03:24:25","date_gmt":"2022-03-07T02:24:25","guid":{"rendered":"https:\/\/swiety-jozef.pl\/?p=3430"},"modified":"2022-03-07T03:24:28","modified_gmt":"2022-03-07T02:24:28","slug":"ogloszenia-duszpasterskie-25-11-2018-r","status":"publish","type":"post","link":"https:\/\/swiety-jozef.pl\/index.php\/2022\/03\/07\/ogloszenia-duszpasterskie-25-11-2018-r\/","title":{"rendered":"Og\u0142oszenia duszpasterskie 25.11.2018 r."},"content":{"rendered":"\n<p class=\"has-text-align-right\"><strong>25 XI 2018<\/strong><\/p>\n\n\n\n<h4 class=\"has-text-align-center wp-block-heading\">Og\u0142oszenia duszpasterskie<br>34 niedziela zwyk\u0142a<br>Uroczysto\u015b\u0107 Jezusa Chrystusa Kr\u00f3la Wszech\u015bwiata<\/h4>\n\n\n\n<p><strong>1<\/strong>. Dzisiaj 34 niedziela okresu zwyk\u0142ego,&nbsp;<strong>Uroczysto\u015b\u0107 Jezusa Chrystusa Kr\u00f3la Wszech\u015bwiata<\/strong>&nbsp;ko\u0144cz\u0105ca rok liturgiczny.&nbsp;<strong>Mo\u017cna zyska\u0107 odpust zupe\u0142ny<\/strong>: publicznie odmawiaj\u0105c Akt po\u015bwi\u0119cenia \u201eO, Jezu najs\u0142odszy, odkupicielu \u2026\u201d, Komunia \u015aw. , modlitwa w intencjach Ojca \u015awi\u0119tego. Co za chwile uczynimy.<\/p>\n\n\n\n<!--more-->\n\n\n\n<p><strong>2<\/strong>. Dzisiejsza uroczysto\u015b\u0107 to \u015bwi\u0119to patronalne naszego Wy\u017cszego Seminarium Duchownego, z tej okazji w naszej parafii na wszystkich Mszach \u015bw. go\u015bcimy kleryka.&nbsp;<strong>Taca z tej niedzieli jest przeznaczona na utrzymanie seminarium<\/strong>.<\/p>\n\n\n\n<p><strong>3<\/strong>.<strong>&nbsp;Za tydzie\u0144 I Niedziela Adwentu<\/strong>&nbsp;\u2013 nowy rok liturgiczny.<\/p>\n\n\n\n<p><strong>4<\/strong>. Ka\u017cda wsp\u00f3lnota parafialna z mocy prawa powinna mie\u0107&nbsp;<strong>Parafialn\u0105 Rad\u0119 Duszpastersk\u0105<\/strong>&nbsp;jako cia\u0142o doradcze dla proboszcza w budowaniu wsp\u00f3lnoty parafii. Z urz\u0119du do rady duszpasterskiej powinni nale\u017ce\u0107: wikariusze, prze\u0142o\u017ceni instytut\u00f3w \u017cycia konsekrowanego i stowarzysze\u0144 \u017cycia apostolskiego pracuj\u0105cych w parafii, katecheci zamieszkuj\u0105cy i ucz\u0105cy w szko\u0142ach na terenie parafii, cz\u0142onkowie parafialnego ko\u0142a Caritas, moderatorzy wsp\u00f3lnot modlitewnych, apostolskich, ruch\u00f3w i stowarzysze\u0144 katolickich dzia\u0142aj\u0105cych w parafii.&nbsp;<strong>Zapraszam na spotkanie organizacyjne w sobot\u0119 1 grudnia, rozpoczniemy Msz\u0105 \u015bw. o godz. 18:00.<\/strong><\/p>\n\n\n\n<p><strong>5<\/strong>. W tym tygodniu&nbsp;<strong>I sobota miesi\u0105ca.<\/strong>&nbsp;zapraszamy na Nabo\u017ce\u0144stwo Fatimskie. Rozpoczniemy wystawieniem Naj\u015bwi\u0119tszego Sakramentu o godz. 17:00 odm\u00f3wimy dwie cz\u0119\u015bci r\u00f3\u017ca\u0144ca. O godz. 18:00 Msza \u015bw. po Mszy \u015bw. spotkanie powo\u0142uj\u0105ce Parafialn\u0105 Rad\u0119 Duszpastersk\u0105.<\/p>\n\n\n\n<p><strong>6<\/strong>.&nbsp;<strong>Cz\u0142onkowie Parafialnych Grup Duszpasterskich&nbsp;<\/strong>&nbsp;<strong>roznosz\u0105 op\u0142atki wigilijne.<\/strong>&nbsp;Przypominamy, \u017ce roznosz\u0105cy op\u0142atki nie bior\u0105 \u017cadnych pieni\u0119dzy, a znakiem, \u017ce s\u0105 z parafii, b\u0119d\u0105 mieli identyfikatory z piecz\u0119ci\u0105 parafialn\u0105.&nbsp;<strong>Prosimy o \u017cyczliwe przyjmowanie tych os\u00f3b<\/strong>, kt\u00f3re z zaanga\u017cowania w sprawy parafii po\u015bwi\u0119caj\u0105 sw\u00f3j czas dla dobra innych parafian.<\/p>\n\n\n\n<p><strong>7<\/strong>.&nbsp;<strong>W przysz\u0142\u0105 niedziel\u0119 zmiana tajemnic \u017bywego R\u00f3\u017ca\u0144ca<\/strong>&nbsp;po Mszy \u015bw. o godz. 7:30.<\/p>\n\n\n\n<p><strong>8<\/strong>. W przysz\u0142\u0105<strong>&nbsp;niedziel\u0119 na Mszy \u015bw. o godz. 11:00 spotkanie z rodzicami dzieci klas III przygotowuj\u0105cych si\u0119 do Pierwszej Komunii \u015awi\u0119tej.<\/strong><\/p>\n\n\n\n<p><strong>9<\/strong>. Oaza m\u0142odzie\u017cy zaprasza do zakupienia&nbsp;<strong>kartek Bo\u017conarodzeniowych<\/strong>, doch\u00f3d przeznaczony b\u0119dzie na wyjazd letni dla naszej m\u0142odzie\u017c. Kartki b\u0119d\u0105 sprzedawane po ka\u017cdej mszy \u015bw. we wszystkie niedziele Adwentu w kancelarii parafialnej. Zapraszamy.<\/p>\n\n\n\n<p><strong>10<\/strong>. Serdeczne \u201eB\u00f3g zap\u0142a\u0107\u201d&nbsp;<strong>4 osobom z ul. Mickiewicza<\/strong>&nbsp;za sprz\u0105tanie ko\u015bcio\u0142a i ofiar\u0119 na kwiaty. Msza \u015bw. w intencji tych os\u00f3b i ich rodzin b\u0119dzie si\u0119 5.01. o godz. 7:00<br><strong>W sobot\u0119 na godz. 9.00<\/strong>&nbsp;do sprz\u0105tania ko\u015bcio\u0142a prosz\u0119 wiernych z&nbsp;<strong>ul. Tetmajera.<\/strong><\/p>\n\n\n\n<p><strong>11<\/strong>. Zach\u0119camy do zakupu i lektury prasy katolickiej: Tygodnika&nbsp;<strong>NIEDZIELA i GO\u015a\u0106 NIEDZIELNY i MA\u0141Y GO\u015a\u0106 NIEDZIELNY<\/strong>&nbsp;kupi\u0107 mo\u017cna w zakrystii i u ministrant\u00f3w przy wyj\u015bciu z ko\u015bcio\u0142a.<\/p>\n\n\n\n<p><strong>12<\/strong>. Zbli\u017ca si\u0119&nbsp;<strong>dzie\u0144 \u015awi\u0119tego Miko\u0142aja<\/strong>, osoby prywatne i firmy, kt\u00f3re chcia\u0142yby pom\u00f3c \u015bw. Miko\u0142ajowi w przegotowaniu prezent\u00f3w dla naszych dzieci zapraszam z propozycjami do zakrystii.<\/p>\n\n\n\n<p><strong>13<\/strong>.&nbsp;<strong>Mo\u017cliwo\u015b\u0107 spowiedzi codziennie p\u00f3\u0142 godziny przed Msz\u0105 \u015bwi\u0119t\u0105.<\/strong><\/p>\n\n\n\n<p><strong>14<\/strong>. Wszystkim parafianom<strong>&nbsp;i go\u015bciom \u017cyczymy dobrej niedzieli i Bo\u017cego b\u0142ogos\u0142awie\u0144stwa.<\/strong><\/p>\n","protected":false},"excerpt":{"rendered":"<p>25 XI 2018 Og\u0142oszenia duszpasterskie34 niedziela zwyk\u0142aUroczysto\u015b\u0107 Jezusa Chrystusa Kr\u00f3la Wszech\u015bwiata 1. Dzisiaj 34 niedziela okresu zwyk\u0142ego,&nbsp;Uroczysto\u015b\u0107 Jezusa Chrystusa Kr\u00f3la Wszech\u015bwiata&nbsp;ko\u0144cz\u0105ca rok liturgiczny.&nbsp;Mo\u017cna zyska\u0107 odpust zupe\u0142ny: publicznie odmawiaj\u0105c Akt po\u015bwi\u0119cenia&hellip;<\/p>\n","protected":false},"author":1,"featured_media":3316,"comment_status":"closed","ping_status":"closed","sticky":false,"template":"","format":"standard","meta":{"_lmt_disableupdate":"","_lmt_disable":"","footnotes":""},"categories":[19],"tags":[],"class_list":["post-3430","post","type-post","status-publish","format-standard","has-post-thumbnail","hentry","category-ogloszenia"],"_links":{"self":[{"href":"https:\/\/swiety-jozef.pl\/index.php\/wp-json\/wp\/v2\/posts\/3430","targetHints":{"allow":["GET"]}}],"collection":[{"href":"https:\/\/swiety-jozef.pl\/index.php\/wp-json\/wp\/v2\/posts"}],"about":[{"href":"https:\/\/swiety-jozef.pl\/index.php\/wp-json\/wp\/v2\/types\/post"}],"author":[{"embeddable":true,"href":"https:\/\/swiety-jozef.pl\/index.php\/wp-json\/wp\/v2\/users\/1"}],"replies":[{"embeddable":true,"href":"https:\/\/swiety-jozef.pl\/index.php\/wp-json\/wp\/v2\/comments?post=3430"}],"version-history":[{"count":1,"href":"https:\/\/swiety-jozef.pl\/index.php\/wp-json\/wp\/v2\/posts\/3430\/revisions"}],"predecessor-version":[{"id":3431,"href":"https:\/\/swiety-jozef.pl\/index.php\/wp-json\/wp\/v2\/posts\/3430\/revisions\/3431"}],"wp:featuredmedia":[{"embeddable":true,"href":"https:\/\/swiety-jozef.pl\/index.php\/wp-json\/wp\/v2\/media\/3316"}],"wp:attachment":[{"href":"https:\/\/swiety-jozef.pl\/index.php\/wp-json\/wp\/v2\/media?parent=3430"}],"wp:term":[{"taxonomy":"category","embeddable":true,"href":"https:\/\/swiety-jozef.pl\/index.php\/wp-json\/wp\/v2\/categories?post=3430"},{"taxonomy":"post_tag","embeddable":true,"href":"https:\/\/swiety-jozef.pl\/index.php\/wp-json\/wp\/v2\/tags?post=3430"}],"curies":[{"name":"wp","href":"https:\/\/api.w.org\/{rel}","templated":true}]}}