{"id":3420,"date":"2022-03-07T03:11:12","date_gmt":"2022-03-07T02:11:12","guid":{"rendered":"https:\/\/swiety-jozef.pl\/?p=3420"},"modified":"2022-03-07T03:11:14","modified_gmt":"2022-03-07T02:11:14","slug":"ogloszenia-duszpasterskie-21-10-2018-r","status":"publish","type":"post","link":"https:\/\/swiety-jozef.pl\/index.php\/2022\/03\/07\/ogloszenia-duszpasterskie-21-10-2018-r\/","title":{"rendered":"Og\u0142oszenia duszpasterskie 21.10.2018 r."},"content":{"rendered":"\n<p class=\"has-text-align-right\"><strong>21 X 2018<\/strong><\/p>\n\n\n\n<h4 class=\"has-text-align-center wp-block-heading\">Og\u0142oszenia duszpasterskie<br>29 niedziela zwyk\u0142a<\/h4>\n\n\n\n<p><strong>1<\/strong>. Dzisiaj 29 niedziela okresu zwyk\u0142ego. Spotkanie z rodzicami i dzie\u0107mi klas III dzisiaj na Mszy \u015bw. o godz. 11:00<\/p>\n\n\n\n<p><strong>2<\/strong>. Dzisiaj niedziela III niedziela miesi\u0105ca, taca przeznaczona na potrzeby parafii, termoizolacja plebanii. B\u00f3g Zap\u0142a\u0107.<\/p>\n\n\n\n<p><strong>3<\/strong>. Dzisiaj w ca\u0142ym kraju liczenie wiernych uczestnicz\u0105cych we Mszy \u015bw.<\/p>\n\n\n\n<!--more-->\n\n\n\n<p><strong>4<\/strong>. Dzisiaj rozpoczynamy TYDZIE\u0143 MISYJNY. W ci\u0105gu ca\u0142ego tygodnia b\u0119dziemy si\u0119 modli\u0107 w intencji misjonarzy i prowadzonej przez nich dzia\u0142alno\u015bci, kt\u00f3ra jest wype\u0142nianiem Chrystusowego polecenia: \u201eId\u017acie i g\u0142o\u015bcie Ewangeli\u0119\u201d. Ofiary sk\u0142adane<strong>&nbsp;na tac\u0119 w przysz\u0142\u0105 niedziel\u0119<\/strong>&nbsp;b\u0119d\u0105 przeznaczone na pomoc DLA DZIE\u0141 MISYJNYCH KO\u015aCIO\u0141A.<\/p>\n\n\n\n<p><strong>5<\/strong>. W przysz\u0142\u0105 niedziel\u0119 b\u0119dziemy go\u015bci\u0107 misjonarza ksi\u0119dza oblata, kt\u00f3ry b\u0119dzie rozprowadza\u0142 kalendarze z kt\u00f3rych doch\u00f3d przeznaczony jest na potrzeby misji.<\/p>\n\n\n\n<p><strong>6<\/strong>. W poniedzia\u0142ek wspomnienie \u015bwi\u0119tego Jana Paw\u0142a II.<\/p>\n\n\n\n<p><strong>7<\/strong>. Trwa miesi\u0105c pa\u017adziernik. \u2013 miesi\u0105c oddawania czci Matce Bo\u017cej przez nabo\u017ce\u0144stwo r\u00f3\u017ca\u0144cowe.<\/p>\n\n\n\n<ul class=\"wp-block-list\"><li>&#8211; Nabo\u017ce\u0144stwo r\u00f3\u017ca\u0144cowe w dni powszednie codziennie&nbsp;<strong>dla dzieci o godz. 17.00<\/strong>&nbsp;dzieci po ka\u017cdym r\u00f3\u017ca\u0144cu otrzymuj\u0105 naklejki kolejnych tajemnic r\u00f3\u017ca\u0144ca.<\/li><li>&#8211; r\u00f3\u017caniec&nbsp;<strong>dla starszych o godz. 17:30<\/strong>&nbsp;po r\u00f3\u017ca\u0144cu ok. godz. 18.00 Msza \u015aw.<\/li><li><strong>W niedziele r\u00f3\u017caniec o godz. 18:00&nbsp;<\/strong><\/li><\/ul>\n\n\n\n<p><strong>8<\/strong>. W \u015brod\u0119 o godz. 18.00 Nowenna do Matki Bo\u017cej Nieustaj\u0105cej Pomocy.<\/p>\n\n\n\n<p><strong>9<\/strong>. W czwartek spotkanie&nbsp;<strong>oazy m\u0142odzie\u017cowej<\/strong>&nbsp;na Mszy \u015bw. o godz. 18:00<\/p>\n\n\n\n<p><strong>10<\/strong>. W czwartek po Mszy \u015bw. wieczornej spotkanie&nbsp;<strong>Ko\u0142a Biblijnego.<\/strong><\/p>\n\n\n\n<p><strong>11<\/strong>. W czwartek na Mszy \u015bw. o godz. 18:00 spotkanie m\u0142odzie\u017cy&nbsp;<strong>klas VII przygotowuj\u0105cej si\u0119 do sakramentu bierzmowania.<\/strong><\/p>\n\n\n\n<p><strong>12<\/strong>. Zapraszamy dzieci do<strong>&nbsp;\u015bpiewania w scholi<\/strong>&nbsp;w pi\u0105tek na godz. 16:00 w salce pod ko\u015bcio\u0142em.<\/p>\n\n\n\n<p><strong>13<\/strong>. Serdeczne \u201eB\u00f3g zap\u0142a\u0107\u201d 4,osobom z ul.&nbsp;<strong>Kossaka blok nr 5<\/strong>&nbsp;za sprz\u0105tanie ko\u015bcio\u0142a i ofiar\u0119 na kwiaty. Msza \u015bw. w intencji tych os\u00f3b i ich rodzin b\u0119dzie si\u0119&nbsp;<strong>28 XII o godz. 6:30.<\/strong><\/p>\n\n\n\n<p><strong>14<\/strong>. W sobot\u0119 na godz. 9.00 do sprz\u0105tania ko\u015bcio\u0142a prosz\u0119 wiernych z&nbsp;<strong>ul. Kossaka nr 7.<\/strong><\/p>\n\n\n\n<p><strong>15<\/strong>. Zach\u0119camy do zakupu i lektury prasy katolickiej: Tygodnika&nbsp;<strong>NIEDZIELA, GO\u015a\u0106 NIEDZIELNY i miesi\u0119cznika Mi\u0142ujcie si\u0119&nbsp;&nbsp;<\/strong>kupi\u0107 mo\u017cna w zakrystii i u ministrant\u00f3w przy wyj\u015bciu z ko\u015bcio\u0142a.<\/p>\n\n\n\n<p><strong>16<\/strong>. Mo\u017cliwo\u015b\u0107 spowiedzi codziennie p\u00f3\u0142 godziny przed Msz\u0105 \u015bwi\u0119t\u0105.<\/p>\n\n\n\n<p><strong>17<\/strong>. W przysz\u0142\u0105 niedziel\u0119 dzie\u0144 imienin&nbsp;<strong>Bp. Tadeusza Lity\u0144skiego i ks. Wikariusza Szymona Kluj<\/strong>&nbsp;pami\u0119tajmy o modlitwie. Msza \u015bw. w intencji ks. Szymona odb\u0119dzie si\u0119 w przysz\u0142\u0105 niedziel\u0119 o godz. 12:30<\/p>\n\n\n\n<p><strong>18<\/strong>. Jak zapowiadali\u015bmy przygotowujemy pomniki dla ks. pra\u0142. J\u00f3zefa Koco\u0142a i ks. kan J\u00f3zefa Adamczaka. P\u0142yty poziome nagrobk\u00f3w s\u0105 ju\u017c umieszczone na grobach. Czekamy na pionowe rze\u017aby w kamieniu. Dzisiaj po Mszach \u015bw. przedstawiciele \u017bywego R\u00f3\u017ca\u0144ca b\u0119d\u0105 przeprowadzali kwest\u0119 na pomniki dla naszych kap\u0142an\u00f3w.<\/p>\n\n\n\n<p><strong>19<\/strong>. Zbli\u017ca si\u0119 szczeg\u00f3lny czas szczeg\u00f3lnej modlitwy za zmar\u0142ych w ko\u015bciele. Kartki wspominkowe s\u0105 wy\u0142o\u017cone na stolikach przy wyj\u015bciu z ko\u015bcio\u0142a. Ofiary sk\u0142adane przy okazji wypominek s\u0105 przeznaczone na potrzeby parafii. Wypominki ca\u0142oroczne sk\u0142adamy w zakrystii.<\/p>\n\n\n\n<p><strong>20. Wszystkim parafianom i go\u015bciom \u017cyczymy dobrej niedzieli i Bo\u017cego b\u0142ogos\u0142awie\u0144stwa.<\/strong><\/p>\n","protected":false},"excerpt":{"rendered":"<p>21 X 2018 Og\u0142oszenia duszpasterskie29 niedziela zwyk\u0142a 1. Dzisiaj 29 niedziela okresu zwyk\u0142ego. Spotkanie z rodzicami i dzie\u0107mi klas III dzisiaj na Mszy \u015bw. o godz. 11:00 2. Dzisiaj niedziela&hellip;<\/p>\n","protected":false},"author":1,"featured_media":3316,"comment_status":"closed","ping_status":"closed","sticky":false,"template":"","format":"standard","meta":{"_lmt_disableupdate":"","_lmt_disable":"","footnotes":""},"categories":[19],"tags":[],"class_list":["post-3420","post","type-post","status-publish","format-standard","has-post-thumbnail","hentry","category-ogloszenia"],"_links":{"self":[{"href":"https:\/\/swiety-jozef.pl\/index.php\/wp-json\/wp\/v2\/posts\/3420","targetHints":{"allow":["GET"]}}],"collection":[{"href":"https:\/\/swiety-jozef.pl\/index.php\/wp-json\/wp\/v2\/posts"}],"about":[{"href":"https:\/\/swiety-jozef.pl\/index.php\/wp-json\/wp\/v2\/types\/post"}],"author":[{"embeddable":true,"href":"https:\/\/swiety-jozef.pl\/index.php\/wp-json\/wp\/v2\/users\/1"}],"replies":[{"embeddable":true,"href":"https:\/\/swiety-jozef.pl\/index.php\/wp-json\/wp\/v2\/comments?post=3420"}],"version-history":[{"count":1,"href":"https:\/\/swiety-jozef.pl\/index.php\/wp-json\/wp\/v2\/posts\/3420\/revisions"}],"predecessor-version":[{"id":3421,"href":"https:\/\/swiety-jozef.pl\/index.php\/wp-json\/wp\/v2\/posts\/3420\/revisions\/3421"}],"wp:featuredmedia":[{"embeddable":true,"href":"https:\/\/swiety-jozef.pl\/index.php\/wp-json\/wp\/v2\/media\/3316"}],"wp:attachment":[{"href":"https:\/\/swiety-jozef.pl\/index.php\/wp-json\/wp\/v2\/media?parent=3420"}],"wp:term":[{"taxonomy":"category","embeddable":true,"href":"https:\/\/swiety-jozef.pl\/index.php\/wp-json\/wp\/v2\/categories?post=3420"},{"taxonomy":"post_tag","embeddable":true,"href":"https:\/\/swiety-jozef.pl\/index.php\/wp-json\/wp\/v2\/tags?post=3420"}],"curies":[{"name":"wp","href":"https:\/\/api.w.org\/{rel}","templated":true}]}}